{"id":39510,"date":"2018-05-12T23:14:51","date_gmt":"2018-05-12T20:14:51","guid":{"rendered":"http:\/\/www.tart-aria.info\/?p=39510"},"modified":"2018-05-12T23:14:51","modified_gmt":"2018-05-12T20:14:51","slug":"antediluviano-louvre","status":"publish","type":"post","link":"https:\/\/www.tart-aria.info\/pt-br\/antediluviano-louvre\/","title":{"rendered":"Antediluviano Louvre"},"content":{"rendered":"<p>A hist\u00f3ria moderna diz que nos quarenta e tr\u00eas anos do reinado de Filipe II de Fran\u00e7a (1180-1223), o poder e a influ\u00eancia da monarquia francesa haviam crescido significativamente, tanto dentro como fora do reino.<\/p>\n<p>Antes de Filipe II, Paris havia se tornado a maior cidade da Fran\u00e7a. Nos anos de seu reinado, ele gradualmente come\u00e7a a transform\u00e1-la em resid\u00eancia permanente dos reis da dinastia capetiana. Durante este tempo, Filipe II visita Paris 75 vezes e come\u00e7a a realizar cerim\u00f4nias de estado na cidade com mais frequ\u00eancia, sempre acompanhado pela fam\u00edlia real.\u00a0 E a id\u00e9ia de que o rei deveria ter uma resid\u00eancia permanente e uma capital para o estado afirma-se cada vez mais no pensamento de seus contempor\u00e2neos.<\/p>\n<p>Ent\u00e3o, em 1190, um eixo de prote\u00e7\u00e3o foi constru\u00eddo em torno de Paris. Para proteger a capital da amea\u00e7a anglo-normanda, o rei decidiu refor\u00e7ar suas defesas com uma fortaleza que ficou conhecida como Louvre. A fortaleza (castelo, forte) foi constru\u00edda a oeste da cidade, \u00e0s margens do Sena.<\/p>\n<p><a href=\"https:\/\/www.tart-aria.info\/wp-content\/uploads\/2017\/03\/Sj7XtA1.jpg\"><img loading=\"lazy\" decoding=\"async\" class=\" td-modal-image alignnone\" src=\"https:\/\/www.tart-aria.info\/wp-content\/uploads\/2017\/03\/Sj7XtA1.jpg\" alt=\"\u041b\u0443\u0432\u0440\" width=\"2024\" height=\"1084\" title=\"\"><\/a><\/p>\n<p>Na parte subterr\u00e2nea do atual Louvre, os visitantes s\u00e3o apresentados aos vest\u00edgios da escava\u00e7\u00e3o da antiga fortaleza.<\/p>\n<p><a href=\"https:\/\/www.tart-aria.info\/wp-content\/uploads\/2017\/03\/77042_600.jpg\"><img loading=\"lazy\" decoding=\"async\" class=\" td-modal-image alignnone\" src=\"https:\/\/www.tart-aria.info\/wp-content\/uploads\/2017\/03\/77042_600.jpg\" alt=\"\u041b\u0443\u0432\u0440\" width=\"698\" height=\"465\" title=\"\"><\/a><\/p>\n<p><a href=\"https:\/\/www.tart-aria.info\/wp-content\/uploads\/2017\/03\/80100_original.jpg\"><img loading=\"lazy\" decoding=\"async\" class=\" td-modal-image alignnone\" src=\"https:\/\/www.tart-aria.info\/wp-content\/uploads\/2017\/03\/80100_original.jpg\" alt=\"\u041b\u0443\u0432\u0440\" width=\"1024\" height=\"768\" title=\"\"><\/a><\/p>\n<p>O sal\u00e3o inferior \u00e9 tudo o que resta hoje do interior medieval do Louvre. Sua fun\u00e7\u00e3o original \u00e9 desconhecida.<\/p>\n<p>O teto abobadado (agora destru\u00eddo) repousava sobre duas colunas no centro do sal\u00e3o.<\/p>\n<p><a href=\"https:\/\/www.tart-aria.info\/wp-content\/uploads\/2017\/03\/77246_600.jpg\"><img loading=\"lazy\" decoding=\"async\" class=\" td-modal-image alignnone\" src=\"https:\/\/www.tart-aria.info\/wp-content\/uploads\/2017\/03\/77246_600.jpg\" alt=\"\u041b\u0443\u0432\u0440\" width=\"690\" height=\"460\" title=\"\"><\/a><\/p>\n<p>Em meados do s\u00e9culo XIV, as fronteiras de Paris se espalharam muito al\u00e9m das muralhas do reinado de Filipe Augusto. Com o advento da Guerra dos Cem Anos, a capital francesa precisou de uma nova defesa. \u00c9tienne Marcel, \"provost\" (reitor) dos mercadores de Paris, come\u00e7ou a constru\u00e7\u00e3o de uma nova muralha de terra (1356-58), que foi continuada e desenvolvida sob Carlos V da Fran\u00e7a.<\/p>\n<p><a href=\"https:\/\/www.tart-aria.info\/wp-content\/uploads\/2017\/03\/77705_original.jpg\"><img loading=\"lazy\" decoding=\"async\" class=\" td-modal-image alignnone\" src=\"https:\/\/www.tart-aria.info\/wp-content\/uploads\/2017\/03\/77705_original.jpg\" alt=\"\u041b\u0443\u0432\u0440\" width=\"1200\" height=\"800\" title=\"\"><\/a><\/p>\n<p><a href=\"https:\/\/www.tart-aria.info\/wp-content\/uploads\/2017\/03\/77977_original.jpg\"><img loading=\"lazy\" decoding=\"async\" class=\" td-modal-image alignnone\" src=\"https:\/\/www.tart-aria.info\/wp-content\/uploads\/2017\/03\/77977_original.jpg\" alt=\"\u041b\u0443\u0432\u0440\" width=\"695\" height=\"522\" title=\"\"><\/a><\/p>\n<p>Em 1364, Raymond du Temple, arquiteto de Carlos V, iniciou o trabalho de transformar a antiga fortaleza em magn\u00edfica resid\u00eancia real. Miniaturas e pinturas modernas continham maravilhosas imagens, ricamente adornadas, at\u00e9 mesmo nos telhados. As paredes ao redor do p\u00e1tio central receberam grandes janelas artisticamente entalhadas. Havia uma majestosa escada em espiral \u201cGrande Vis\u201d. No extremo norte, foram constru\u00eddos magn\u00edficos jardins. Interiores deslumbrantes foram decorados com esculturas, tape\u00e7arias e pain\u00e9is esculpidos.<\/p>\n<p>Ap\u00f3s a morte de Carlos VI, o Louvre permanece virtualmente esquecido <strong>at\u00e9 1527<\/strong>, quando Francisco I decide estabelecer-se em Paris. Ent\u00e3o o Louvre medieval inicia um longo caminho at\u00e9 a sua presente forma de deslumbrante pal\u00e1cio da era renascentista.<\/p>\n<p>A demoli\u00e7\u00e3o da Grande Torre marcou o in\u00edcio de uma nova fase de constru\u00e7\u00e3o, que continuou at\u00e9 a \u00e9poca do reinado de Lu\u00eds XIV.<\/p>\n<p>A transforma\u00e7\u00e3o do castelo de Francisco I continuou sob Henrique II e seus filhos. A constru\u00e7\u00e3o do Pal\u00e1cio das Tulherias, a 500 metros a oeste, levou-o a repensar toda a id\u00e9ia. Os ambiciosos planos reais de ligar os dois edif\u00edcios culminaram na cria\u00e7\u00e3o da Grande Galerie.<\/p>\n<p><a href=\"https:\/\/www.tart-aria.info\/wp-content\/uploads\/2017\/03\/78189_original.jpg\"><img loading=\"lazy\" decoding=\"async\" class=\" td-modal-image alignnone\" src=\"https:\/\/www.tart-aria.info\/wp-content\/uploads\/2017\/03\/78189_original.jpg\" alt=\"\u041b\u0443\u0432\u0440\" width=\"940\" height=\"250\" title=\"\"><\/a><\/p>\n<p>Portanto, como podemos ver, havia inicialmente um fosso ao redor do forte, ou seja, as paredes eram profundas, o que \u00e9 natural.<\/p>\n<p>Parece que nada nos impede de \u201dencontrar\" a antiga muralha a uma profundidade de ~ 10 metros sob o Louvre.<\/p>\n<p><a href=\"https:\/\/www.tart-aria.info\/wp-content\/uploads\/2017\/03\/louvre-museum-history-2x1.jpg\"><img loading=\"lazy\" decoding=\"async\" class=\" td-modal-image alignnone\" src=\"https:\/\/www.tart-aria.info\/wp-content\/uploads\/2017\/03\/louvre-museum-history-2x1.jpg\" alt=\"\u041b\u0443\u0432\u0440\" width=\"684\" height=\"342\" title=\"\"><\/a><\/p>\n<p>Poderia a fortaleza ter quartos subterr\u00e2neos? \u00c9 bem prov\u00e1vel que sim. E as colunas est\u00e3o l\u00e1? Parece que n\u00e3o, basta pagar e \"sal\u00f5es mais baixos com um destino desconhecido\" ser\u00e3o constru\u00eddos.<\/p>\n<p>Poderia tal fortaleza ter sido reconstru\u00edda em 1190 e seus remanescentes estarem preservados at\u00e9 hoje? Se iniciarmos a escava\u00e7\u00e3o, iremos verificar que a apar\u00eancia da fortaleza segue o padr\u00e3o do s\u00e9culo XIV, mas n\u00e3o o dos s\u00e9culos 11 ou 12. Mas quem sou eu para estabelecer semelhante veredito?<\/p>\n<p>Curiosamente, muitos objetos interessantes foram encontrados durante as escava\u00e7\u00f5es. Como por exemplo, antigos dados:<\/p>\n<p><img loading=\"lazy\" decoding=\"async\" class=\"alignnone \" src=\"https:\/\/www.tart-aria.info\/wp-content\/uploads\/2017\/03\/79296_original.jpg\" width=\"583\" height=\"308\" alt=\"\" title=\"\"><\/p>\n<p>E at\u00e9 mesmo, voc\u00ea n\u00e3o vai acreditar, uma coroa real de ouro!<\/p>\n<p><img loading=\"lazy\" decoding=\"async\" class=\"alignnone \" src=\"https:\/\/www.tart-aria.info\/wp-content\/uploads\/2017\/03\/78407_original.jpg\" width=\"582\" height=\"293\" alt=\"\" title=\"\"><\/p>\n<p>Provavelmente ela caiu no ch\u00e3o. Acontece!<\/p>\n<p>Mas por qu\u00ea eu levanto o nariz, incr\u00e9dulo, mais uma vez caminhando pelo Louvre? O motivo de ainda n\u00e3o nos acalmarmos est\u00e1, no entanto, documentado com clareza e precis\u00e3o.<\/p>\n<p>Bem, eu n\u00e3o gosto de tal restaura\u00e7\u00e3o! \u00c9 claro que a restaura\u00e7\u00e3o e as melhorias s\u00e3o boas.<\/p>\n<p><a href=\"https:\/\/www.tart-aria.info\/wp-content\/uploads\/2017\/03\/78819_original.jpg\"><img loading=\"lazy\" decoding=\"async\" class=\" td-modal-image alignnone\" src=\"https:\/\/www.tart-aria.info\/wp-content\/uploads\/2017\/03\/78819_original.jpg\" alt=\"\u041b\u0443\u0432\u0440\" width=\"1024\" height=\"768\" title=\"\"><\/a><\/p>\n<p>Mas isto n\u00e3o tem nada a ver com isto:<\/p>\n<p><a href=\"https:\/\/www.tart-aria.info\/wp-content\/uploads\/2017\/03\/79085_original.jpg\"><img loading=\"lazy\" decoding=\"async\" class=\" td-modal-image alignnone\" src=\"https:\/\/www.tart-aria.info\/wp-content\/uploads\/2017\/03\/79085_original.jpg\" alt=\"\u041b\u0443\u0432\u0440\" width=\"800\" height=\"536\" title=\"\"><\/a><\/p>\n<p>Exceto pelo fato de terem sido colocados um sobre o outro.<\/p>\n<p>Todas estas coroas de ouro perdidas, tra\u00e7os da demoli\u00e7\u00e3o ostensivamente eliminados, a constru\u00e7\u00e3o de um pal\u00e1cio melhorado a partir do zero no lugar do antigo forte ... Eu n\u00e3o sei o qu\u00ea voc\u00ea pensa a respeito ....<\/p>\n<p>Tudo isto estava provavelmente abandonado. Mesmo supondo que n\u00e3o houvesse nenhuma fortaleza no centro de Paris, a hist\u00f3ria teria sido completamente apagada e ningu\u00e9m veria as mudan\u00e7as.<\/p>\n<p>No entanto, se olharmos para o todo, h\u00e1 um enorme n\u00famero de constru\u00e7\u00f5es em todo o mundo que permanecem esmagadas por pisos ou totalmente enterradas sob uma camada de muitos metros de argila onde, durante as escava\u00e7\u00f5es, poder\u00e3o ser encontradas coroas de ouro \"perdidas\" e muitos objetos de luxo e utens\u00edlios dom\u00e9sticos.<\/p>\n<p>Como se antes existissem apenas pessoas de boa alma distra\u00eddas e jogos - comprados - enterrados no ch\u00e3o. Tudo para os descendentes!<\/p>\n","protected":false},"excerpt":{"rendered":"<p>A hist\u00f3ria moderna diz que nos quarenta e tr\u00eas anos do reinado de Filipe II de Fran\u00e7a (1180-1223), o poder e a influ\u00eancia da monarquia francesa haviam crescido significativamente, tanto dentro como fora do reino. Antes de Filipe II, Paris havia se tornado a maior cidade da Fran\u00e7a. Nos anos de seu reinado, ele gradualmente [&hellip;]<\/p>\n","protected":false},"author":2,"featured_media":39514,"comment_status":"open","ping_status":"open","sticky":false,"template":"","format":"standard","meta":{"footnotes":""},"categories":[811],"tags":[853],"series":[],"class_list":{"0":"post-39510","1":"post","2":"type-post","3":"status-publish","4":"format-standard","5":"has-post-thumbnail","7":"category-desastres","8":"tag-diluvio"},"_links":{"self":[{"href":"https:\/\/www.tart-aria.info\/pt-br\/wp-json\/wp\/v2\/posts\/39510","targetHints":{"allow":["GET"]}}],"collection":[{"href":"https:\/\/www.tart-aria.info\/pt-br\/wp-json\/wp\/v2\/posts"}],"about":[{"href":"https:\/\/www.tart-aria.info\/pt-br\/wp-json\/wp\/v2\/types\/post"}],"author":[{"embeddable":true,"href":"https:\/\/www.tart-aria.info\/pt-br\/wp-json\/wp\/v2\/users\/2"}],"replies":[{"embeddable":true,"href":"https:\/\/www.tart-aria.info\/pt-br\/wp-json\/wp\/v2\/comments?post=39510"}],"version-history":[{"count":0,"href":"https:\/\/www.tart-aria.info\/pt-br\/wp-json\/wp\/v2\/posts\/39510\/revisions"}],"wp:featuredmedia":[{"embeddable":true,"href":"https:\/\/www.tart-aria.info\/pt-br\/wp-json\/wp\/v2\/media\/39514"}],"wp:attachment":[{"href":"https:\/\/www.tart-aria.info\/pt-br\/wp-json\/wp\/v2\/media?parent=39510"}],"wp:term":[{"taxonomy":"category","embeddable":true,"href":"https:\/\/www.tart-aria.info\/pt-br\/wp-json\/wp\/v2\/categories?post=39510"},{"taxonomy":"post_tag","embeddable":true,"href":"https:\/\/www.tart-aria.info\/pt-br\/wp-json\/wp\/v2\/tags?post=39510"},{"taxonomy":"series","embeddable":true,"href":"https:\/\/www.tart-aria.info\/pt-br\/wp-json\/wp\/v2\/series?post=39510"}],"curies":[{"name":"wp","href":"https:\/\/api.w.org\/{rel}","templated":true}]}}